{"id":1842,"date":"2020-09-01T19:52:56","date_gmt":"2020-09-02T01:52:56","guid":{"rendered":"https:\/\/www.kepadrisimo.com\/?p=1842"},"modified":"2021-10-03T20:52:51","modified_gmt":"2021-10-04T02:52:51","slug":"que-creen-que-el-playstation-5-no-tendra","status":"publish","type":"post","link":"https:\/\/www.kepadrisimo.com\/index.php\/2020\/09\/01\/que-creen-que-el-playstation-5-no-tendra\/","title":{"rendered":"\u00bfQu\u00e9 creen? Qu\u00e9 el Playstation 5 no tendr\u00e1&#8230;"},"content":{"rendered":"\n<p>Retrocompatibilidad con PS One, PS2 y PS3 y que s\u00f3lo la tendr\u00e1 con  &#8220;algunos juegos de PS4&#8221;, seg\u00fan Ubisoft, en un post emitido por <a href=\"https:\/\/www.xataka.com.mx\/videojuegos\/ps5-no-tendra-retrocompatibilidad-ps-one-ps2-ps3-solamente-soportara-algunos-juegos-ps4-ubisoft\">Xataka<\/a> .<\/p>\n\n\n\n<p>Esto me lleva a pensar, que no s\u00f3lo Ubisoft estar\u00eda qued\u00e1ndose fuera en algunos t\u00edtulos, pero y \u00bfcu\u00e1ntas m\u00e1s empresas no atravesar\u00e1n por el mismo tema? al respecto. <\/p>\n\n\n\n<p>Y s\u00ed, naturalmente,  los juegos de Playstation 4 ser\u00e1n m\u00e1s compatibles, de acuerdo al anuncio de Sony, comentado este mismo canal de Xataka, donde se menciona que estar\u00edamos hablando de los 100 juegos m\u00e1s importantes de PS4 (ojal\u00e1 hayan contemplado mis \u00faltimas compras) ; -)<\/p>\n\n\n\n<p>Pero tengo juegos de PS3, que de verdad me gustar\u00eda volver a jugar en un dispositivo de esta \u00edndole, que seguramente, tendr\u00e1 un costo bastante considerable. En este sentido, hay un art\u00edculo que afirma que estar\u00edamos viendo la salida del PS5 en Noviembre, durante el Black Friday. En lo personal, eso no me hace mucho sentido, si consideramos que el tema de la pandemia por COVID-19  pudiera afectar las ventas y la log\u00edstica de Sony.<\/p>\n\n\n\n<p> No est\u00e1 de m\u00e1s, \u00e9chale un vistazo <a href=\"https:\/\/www.videogameschronicle.com\/features\/when-will-ps5-release\/\">https:\/\/www.videogameschronicle.com\/features\/when-will-ps5-release\/<\/a><\/p>\n\n\n\n<p>Todo ello con un PS5 revelado con todo detalle, en el que identificamos 10.28 Tera FLOPS, CPU Octa-Core y un almacenamiento expandible con NVMe SSD. <\/p>\n\n\n\n<figure class=\"wp-block-embed-youtube wp-block-embed is-type-video is-provider-youtube wp-embed-aspect-16-9 wp-has-aspect-ratio\"><div class=\"wp-block-embed__wrapper\">\n<span class=\"embed-youtube\" style=\"text-align:center; display: block;\"><iframe loading=\"lazy\" class=\"youtube-player\" width=\"1140\" height=\"642\" src=\"https:\/\/www.youtube.com\/embed\/ph8LyNIT9sg?version=3&#038;rel=1&#038;showsearch=0&#038;showinfo=1&#038;iv_load_policy=1&#038;fs=1&#038;hl=es-MX&#038;autohide=2&#038;wmode=transparent\" allowfullscreen=\"true\" style=\"border:0;\" sandbox=\"allow-scripts allow-same-origin allow-popups allow-presentation\"><\/iframe><\/span>\n<\/div><\/figure>\n\n\n\n<p>A pesar de todo eso, No me lo quiero perder !!! y t\u00fa? Est\u00e1s listo?<\/p>\n","protected":false},"excerpt":{"rendered":"<p>Retrocompatibilidad con PS One, PS2 y PS3 y que s\u00f3lo la tendr\u00e1 con &#8220;algunos juegos de PS4&#8221;, seg\u00fan Ubisoft, en un post emitido por Xataka . Esto me lleva a pensar, que no s\u00f3lo Ubisoft estar\u00eda qued\u00e1ndose fuera en algunos t\u00edtulos, pero y \u00bfcu\u00e1ntas m\u00e1s empresas no atravesar\u00e1n por el mismo tema? al respecto. Y [&hellip;]<\/p>\n","protected":false},"author":1,"featured_media":1843,"comment_status":"open","ping_status":"open","sticky":false,"template":"","format":"standard","meta":{"spay_email":"","footnotes":"","jetpack_publicize_message":"","jetpack_is_tweetstorm":false,"jetpack_publicize_feature_enabled":true},"categories":[1],"tags":[],"jetpack_featured_media_url":"https:\/\/i0.wp.com\/www.kepadrisimo.com\/wp-content\/uploads\/2020\/09\/PS5.jpg?fit=1366%2C769&ssl=1","jetpack_publicize_connections":[],"jetpack_sharing_enabled":true,"jetpack_shortlink":"https:\/\/wp.me\/p9n2l2-tI","jetpack_likes_enabled":true,"jetpack-related-posts":[{"id":327,"url":"https:\/\/www.kepadrisimo.com\/index.php\/2017\/11\/14\/kepadrisimohogar\/","url_meta":{"origin":1842,"position":0},"title":"Art\u00edculo: El hogar inteligente, m\u00e1s accesible y seguro que nunca","date":"14 noviembre, 2017","format":false,"excerpt":"Los dispositivos inteligentes han comenzado una loca carrera para simplificar nuestras actividades del hogar, pero a que precio?","rel":"","context":"En &quot;Emprendiendo tu propia empresa&quot;","img":{"alt_text":"","src":"https:\/\/i0.wp.com\/www.kepadrisimo.com\/wp-content\/uploads\/2017\/11\/05-03.jpg?fit=675%2C1200&ssl=1&resize=350%2C200","width":350,"height":200},"classes":[]},{"id":1546,"url":"https:\/\/www.kepadrisimo.com\/index.php\/2020\/04\/01\/yomequedoencasa\/","url_meta":{"origin":1842,"position":1},"title":"#YoMeQuedoEnCasa","date":"1 abril, 2020","format":false,"excerpt":"El tema que nos mueve en el mundo hoy 1ro de abril del 2020, es salvaguardar nuestras vidas contra una pandemia mundial, que est\u00e1 dejando en nuestras vidas un conjunto de experiencias que nos est\u00e1 obligando a cambiar radicalmente nuestra forma de vida, llev\u00e1ndonos a ser mucho m\u00e1s emp\u00e1ticos y\u2026","rel":"","context":"En &quot;KE padrisimo&quot;","img":{"alt_text":"","src":"https:\/\/i0.wp.com\/www.kepadrisimo.com\/wp-content\/uploads\/2020\/04\/Covid19.jpg?fit=1200%2C818&ssl=1&resize=350%2C200","width":350,"height":200},"classes":[]},{"id":1783,"url":"https:\/\/www.kepadrisimo.com\/index.php\/2020\/05\/29\/no-te-quedes-sin-conocer-nuestra-nueva-seccion-de-nuestros-recomendados\/","url_meta":{"origin":1842,"position":2},"title":"No te quedes sin conocer nuestra nueva secci\u00f3n de Nuestros RECOMENDADOS","date":"29 mayo, 2020","format":false,"excerpt":"Durante esta temporada en la que es invaluable el apoyo de cada uno de nosotros para lograr \"echarle\" la mano a alguien, de los muchos que estamos siendo afectados por la crisis econ\u00f3mica detonada por este tema del COVID 19 y que adem\u00e1s todos estamos requiriendo productos o servicios, evitando\u2026","rel":"","context":"En &quot;KE padrisimo&quot;","img":{"alt_text":"","src":"https:\/\/i0.wp.com\/www.kepadrisimo.com\/wp-content\/uploads\/2020\/04\/ephoto_1588114181438.jpg?fit=768%2C432&ssl=1&resize=350%2C200","width":350,"height":200},"classes":[]},{"id":764,"url":"https:\/\/www.kepadrisimo.com\/index.php\/2018\/10\/16\/conoce-al-proximo-integrante-de-tu-hogar\/","url_meta":{"origin":1842,"position":3},"title":"Conoce al pr\u00f3ximo integrante de tu hogar","date":"16 octubre, 2018","format":false,"excerpt":"Dile \"Hola\" a tu nuevo compa\u00f1ero activado por voz y video-enlace. Simplemente vincula y activa tu robot con la App de Amazon Alexa y solicita distintas acciones a Lynx, utilizando tus comandos favoritos, como reproducir m\u00fasica, escuchar noticias, clima, hora, chistes y los mejores \"skills\" de Alexa, llevando a Lynx\u2026","rel":"","context":"En &quot;Dom\u00f3tica&quot;","img":{"alt_text":"","src":"https:\/\/i0.wp.com\/www.kepadrisimo.com\/wp-content\/uploads\/2018\/10\/15397463609055270431210825406193531797275360001297.jpg?fit=300%2C300&ssl=1&resize=350%2C200","width":350,"height":200},"classes":[]},{"id":541,"url":"https:\/\/www.kepadrisimo.com\/index.php\/2017\/12\/14\/articulo-el-altavoz-inteligente-de-samsung-con-bixby-llegara-en-la-primera-mitad-de-2018-por-menos-de-200-dolares\/","url_meta":{"origin":1842,"position":4},"title":"Art\u00edculo: El altavoz &#8220;inteligente&#8221; de Samsung con Bixby llegar\u00e1 en la primera mitad de 2018 por menos de 200 d\u00f3lares","date":"14 diciembre, 2017","format":false,"excerpt":"El altavoz \"inteligente\" de Samsung con Bixby llegar\u00e1 en la primera mitad de 2018 por menos de 200 d\u00f3lares http:\/\/flip.it\/z3TERV El nuevo contrincante de Amazon Echo dot y Alexa? Que opinas?","rel":"","context":"En &quot;KE padrisimo&quot;","img":{"alt_text":"","src":"","width":0,"height":0},"classes":[]},{"id":1622,"url":"https:\/\/www.kepadrisimo.com\/index.php\/2020\/04\/16\/heroes-united-coronavirus\/","url_meta":{"origin":1842,"position":5},"title":"Heroes United: Coronavirus","date":"16 abril, 2020","format":false,"excerpt":"https:\/\/youtu.be\/WRnPOSoljX0 Ahora s\u00ed...\"Te lleg\u00f3 la hora Coronavirus\" Una animaci\u00f3n fant\u00e1stica de Mightyraccoon! Es incre\u00edble el detalle y la velocidad con la que desarrollaron este corto animado, no se lo pueden perder ! Super divertido y sobre todo, creativo. Ojal\u00e1 fuera tan simple, pero .... Se vale so\u00f1ar e imaginar ;-)\u2026","rel":"","context":"En &quot;KE padrisimo&quot;","img":{"alt_text":"","src":"https:\/\/i0.wp.com\/www.kepadrisimo.com\/wp-content\/uploads\/2020\/04\/heroesunited.jpg?fit=1200%2C675&ssl=1&resize=350%2C200","width":350,"height":200},"classes":[]}],"_links":{"self":[{"href":"https:\/\/www.kepadrisimo.com\/index.php\/wp-json\/wp\/v2\/posts\/1842"}],"collection":[{"href":"https:\/\/www.kepadrisimo.com\/index.php\/wp-json\/wp\/v2\/posts"}],"about":[{"href":"https:\/\/www.kepadrisimo.com\/index.php\/wp-json\/wp\/v2\/types\/post"}],"author":[{"embeddable":true,"href":"https:\/\/www.kepadrisimo.com\/index.php\/wp-json\/wp\/v2\/users\/1"}],"replies":[{"embeddable":true,"href":"https:\/\/www.kepadrisimo.com\/index.php\/wp-json\/wp\/v2\/comments?post=1842"}],"version-history":[{"count":3,"href":"https:\/\/www.kepadrisimo.com\/index.php\/wp-json\/wp\/v2\/posts\/1842\/revisions"}],"predecessor-version":[{"id":1991,"href":"https:\/\/www.kepadrisimo.com\/index.php\/wp-json\/wp\/v2\/posts\/1842\/revisions\/1991"}],"wp:featuredmedia":[{"embeddable":true,"href":"https:\/\/www.kepadrisimo.com\/index.php\/wp-json\/wp\/v2\/media\/1843"}],"wp:attachment":[{"href":"https:\/\/www.kepadrisimo.com\/index.php\/wp-json\/wp\/v2\/media?parent=1842"}],"wp:term":[{"taxonomy":"category","embeddable":true,"href":"https:\/\/www.kepadrisimo.com\/index.php\/wp-json\/wp\/v2\/categories?post=1842"},{"taxonomy":"post_tag","embeddable":true,"href":"https:\/\/www.kepadrisimo.com\/index.php\/wp-json\/wp\/v2\/tags?post=1842"}],"curies":[{"name":"wp","href":"https:\/\/api.w.org\/{rel}","templated":true}]}}